{"id":126966,"date":"2019-02-15T06:22:29","date_gmt":"2019-02-15T11:22:29","guid":{"rendered":"https:\/\/patientworthy.wpengine.com\/2019\/02\/15\/los-moribundos-y-los-discapacitados-es-adecuado-el-cuidado-al-final-de-la-vida\/"},"modified":"2019-02-15T06:22:29","modified_gmt":"2019-02-15T11:22:29","slug":"los-moribundos-y-los-discapacitados-es-adecuado-el-cuidado-al-final-de-la-vida","status":"publish","type":"post","link":"https:\/\/patientworthy.com\/es\/2019\/02\/15\/los-moribundos-y-los-discapacitados-es-adecuado-el-cuidado-al-final-de-la-vida\/","title":{"rendered":"Los Moribundos y los Discapacitados: \u00bfEs Adecuado el Cuidado al Final de la Vida?"},"content":{"rendered":"<p>&nbsp;<\/p>\n<p>La salud de Tristan Lederman comenz\u00f3 a cambiar a principios de 2017.<\/p>\n<p>Tristan viv\u00eda en casa con su familia y depend\u00eda de los miembros de su familia y de los cuidadores en el hogar para que lo cuidaran por completo. Tristan era hidrocef\u00e1lico y naci\u00f3 con par\u00e1lisis cerebral y necesitaba ayuda para hacer todo, desde caminar, lavarse los dientes, usar el ba\u00f1o y todo lo dem\u00e1s.<\/p>\n<p>A principios de 2017, a la edad de 34 a\u00f1os, Trist\u00e1n comenz\u00f3 a tener sarpullidos graves y comenz\u00f3 a tener convulsiones. Comenz\u00f3 a dormir cada vez m\u00e1s y gimi\u00f3 como si tuviera dolor, incluso rompiendo a llorar a veces.<\/p>\n<p>Sus padres sab\u00edan que algo estaba mal con \u00e9l y se volvieron hacia los m\u00e9dicos para pedir orientaci\u00f3n.<\/p>\n<p><strong>No recibieron ninguna confirmaci\u00f3n ni ayuda para comprender lo que estaba mal con Tristan hasta que fue casi demasiado tarde.<\/strong><\/p>\n<p>La familia de Tristan dice que les preguntaron a los m\u00e9dicos si su hijo se estaba muriendo y dijeron que los m\u00e9dicos no responder\u00edan sus preguntas ni les ayudar\u00edan a minimizar el dolor de Tristan.<\/p>\n<p>Tambi\u00e9n afirmaron que los m\u00e9dicos proporcionaron cuidados paliativos inadecuados en el hogar para manejar el dolor de Tristan. No fue hasta unos pocos meses antes de la muerte de Tristan en Agosto del 2017 que los m\u00e9dicos que se especializan en cuidados paliativos en el hogar vinieron a la casa y trajeron una bomba de dolor para ayudar a controlar el dolor de Tristan.<\/p>\n<p>Trist\u00e1n muri\u00f3 el 8 de Octubre del 2017.<\/p>\n<p>El Dr. Kyle Sue, un m\u00e9dico en Canad\u00e1, dice que desafortunadamente, el caso de Tristan es m\u00e1s com\u00fan de lo que nos gustar\u00eda creer. La Dra. Sue trabaja en cuidados paliativos para adultos y pedi\u00e1tricos y dice que debe haber m\u00e1s conciencia, educaci\u00f3n y exposici\u00f3n para comprender los problemas y desaf\u00edos que estos pacientes tienen y la mejor manera de apoyarlos.<\/p>\n<p>Muchas personas que tienen discapacidades y necesitan atenci\u00f3n seria viven m\u00e1s tiempo. Si bien una vez pudieron haberse institucionalizado, ahora a menudo viven con miembros de la familia y muchas escuelas de medicina se est\u00e1n quedando atr\u00e1s en la educaci\u00f3n. Muchas escuelas no tienen un plan de estudios para educar sobre el cuidado al final de la vida de los pacientes con discapacidades.<\/p>\n<p>El Dr. Adam Rapaport es m\u00e9dico en uno de los raros hospicios en Canad\u00e1 para ni\u00f1os con necesidades especiales. Recomienda que los doctores se dirijan a otros doctores, como los m\u00e9dicos de cuidados paliativos, si tienen preguntas o si no est\u00e1n seguros de cuidar a un paciente.<\/p>\n<p>Los Ledermans presentaron una queja sobre su experiencia con la atenci\u00f3n del equipo m\u00e9dico relacionada con la muerte de su hijo, y est\u00e1n presionando para obtener mejores cuidados paliativos para las personas con necesidades especiales.<\/p>\n<p>Lea el art\u00edculo original sobre Tristan <a href=\"https:\/\/www.cbc.ca\/radio\/whitecoat\/family-fighting-for-better-end-of-life-care-for-people-with-severe-disabilities-after-son-s-painful-death-1.4935131?cmp=rss\" target=\"_blank\" rel=\"noopener\">aqu\u00ed<\/a>.<\/p>\n<hr>\n<h4 class=\"footer-text\" style=\"text-align: center\">\u00bfQu\u00e9 piensas sobre el cuidado al final de la vida? <a href=\"https:\/\/patientworthy.com\/register-2\/\">\u00a1Comparta sus an\u00e9cdotas, ideas y deseos con la comunidad Patient Worthy! Este art\u00edculo ha sido traducido al espa\u00f1ol lo mejor posible dentro de nuestras habilidades. Reconocemos que tal vez no hayamos captado todas las matices y especificidades de su regi\u00f3n, por lo que si tiene alguna sugerencia o desea ayudarnos a refinar nuestras traducciones, env\u00ede un correo electr\u00f3nico a ideas@patientworthy.com.<\/a><\/h4>\n","protected":false},"excerpt":{"rendered":"<p>&nbsp; La salud de Tristan Lederman comenz\u00f3 a cambiar a principios de 2017. Tristan viv\u00eda en casa con su familia y depend\u00eda de los miembros de su familia y de los cuidadores en el hogar para que lo cuidaran por completo. Tristan era hidrocef\u00e1lico y naci\u00f3 con par\u00e1lisis cerebral y necesitaba ayuda para hacer todo, [&hellip;]<\/p>\n","protected":false},"author":109,"featured_media":125778,"comment_status":"closed","ping_status":"closed","sticky":false,"template":"","format":"standard","meta":[],"categories":[12328],"tags":[12329,12090,12097,12109],"_links":{"self":[{"href":"https:\/\/patientworthy.com\/es\/wp-json\/wp\/v2\/posts\/126966"}],"collection":[{"href":"https:\/\/patientworthy.com\/es\/wp-json\/wp\/v2\/posts"}],"about":[{"href":"https:\/\/patientworthy.com\/es\/wp-json\/wp\/v2\/types\/post"}],"author":[{"embeddable":true,"href":"https:\/\/patientworthy.com\/es\/wp-json\/wp\/v2\/users\/109"}],"replies":[{"embeddable":true,"href":"https:\/\/patientworthy.com\/es\/wp-json\/wp\/v2\/comments?post=126966"}],"version-history":[{"count":0,"href":"https:\/\/patientworthy.com\/es\/wp-json\/wp\/v2\/posts\/126966\/revisions"}],"wp:featuredmedia":[{"embeddable":true,"href":"https:\/\/patientworthy.com\/es\/wp-json\/wp\/v2\/media\/125778"}],"wp:attachment":[{"href":"https:\/\/patientworthy.com\/es\/wp-json\/wp\/v2\/media?parent=126966"}],"wp:term":[{"taxonomy":"category","embeddable":true,"href":"https:\/\/patientworthy.com\/es\/wp-json\/wp\/v2\/categories?post=126966"},{"taxonomy":"post_tag","embeddable":true,"href":"https:\/\/patientworthy.com\/es\/wp-json\/wp\/v2\/tags?post=126966"}],"curies":[{"name":"wp","href":"https:\/\/api.w.org\/{rel}","templated":true}]}}