{"id":144722,"date":"2019-08-13T14:35:49","date_gmt":"2019-08-13T18:35:49","guid":{"rendered":"https:\/\/patientworthy.wpengine.com\/?p=144722&#038;preview=true&#038;preview_id=144722"},"modified":"2019-08-13T14:35:49","modified_gmt":"2019-08-13T18:35:49","slug":"maquillaje-artista-con-osteogenesis-imperfecta-brilla-con-su-espiritu","status":"publish","type":"post","link":"https:\/\/patientworthy.com\/es\/2019\/08\/13\/maquillaje-artista-con-osteogenesis-imperfecta-brilla-con-su-espiritu\/","title":{"rendered":"Artista de Maquillaje con Osteog\u00e9nesis Imperfecta Comparte su Historia"},"content":{"rendered":"<p><a href=\"https:\/\/godtv.com\/make-up-artist-with-osteogenesis-imperfecta-inspires-millions-with-her-touching-story\/\">Conozca a Cary Vel\u00e1zquez, de 29 a\u00f1os de edad<\/a>, maquilladora en Puerto Rico con la enfermedad rara osteog\u00e9nesis imperfecta (OI), (tambi\u00e9n conocida como \u00abenfermedad de huesos fr\u00e1giles\u00bb y \u00abenfermedad de los huesos de vidrio\u00bb) que ha encendido la Internet sus habilidades y personalidad infecciosa.<\/p>\n<h3>\u00bfQu\u00e9 es la Osteog\u00e9nesis Imperfecta?<\/h3>\n<p>La OI es un grupo de trastornos gen\u00e9ticos raros que se caracterizan por huesos que se rompen f\u00e1cilmente, a menudo por una causa aparente o escasa. La OI puede variar de leve a grave, y los s\u00edntomas var\u00edan de persona a persona.<\/p>\n<p>La osteog\u00e9nesis imperfecta es causada por genes defectuosos. Estos genes afectan la forma en que el cuerpo produce col\u00e1geno, una prote\u00edna que ayuda a fortalecer los huesos.<\/p>\n<p><a href=\"https:\/\/patientworthy.com\/osteogenesis-imperfecta\/\">Para aprender m\u00e1s sobre OI, haga clic \u00a1aqu\u00ed!<\/a><\/p>\n<h3>&#8216;Talentosa, impresionante, y en una silla de ruedas&#8217;<\/h3>\n<p>Cary comenz\u00f3 a maquillar profesionalmente hace tres a\u00f1os, despu\u00e9s de sentirse inspirada por los videos de belleza en YouTube. Inicialmente, comenz\u00f3 a practicar el maquillaje en s\u00ed misma, la madre y los hermanas antes de darse cuenta de lo buena que era.<\/p>\n<p>Hoy en d\u00eda, ella trabaja con clientes en toda la ciudad de Ponce en Puerto Rico.<\/p>\n<blockquote><p><strong>\u201cQuiero abrir la puerta a otras mujeres con diferentes condiciones. S\u00e9 que mi historia cambiar\u00e1 las perspectivas de otras personas y no tengo miedo de mostrarme al mundo \u00ab.<\/strong><\/p><\/blockquote>\n<p>Ella ha estado trabajando como maquilladora durante 3 a\u00f1os, alimentada por un mensaje que mantiene en el centro de su trabajo y su vida:<\/p>\n<blockquote>\n<p class=\"p1\"><strong>\u00abEstoy mostrando que alguien en una silla de ruedas a\u00fan puede ser bonito, talentoso e incre\u00edble\u00bb.<\/strong><\/p>\n<\/blockquote>\n<h3>\u00bfD\u00f3nde Puedo Aprender m\u00e1s Sobre Cary?<\/h3>\n<p class=\"p1\"><a href=\"https:\/\/www.facebook.com\/beautybycary\/\">Haga clic aqu\u00ed para seguir la p\u00e1gina de Facebook de Cary!<\/a> <a href=\"https:\/\/www.instagram.com\/beautybycary\/?hl=en\">\u00a1Y haga clic aqu\u00ed para ver su p\u00e1gina de Instagram!<\/a><\/p>\n<p><strong>Puedes encontrarla en sus dos cuentas con la manija @beautybycary<\/strong><\/p>\n<p class=\"p1\">All\u00ed, puede mantenerse al d\u00eda con su trabajo y con su esp\u00edritu indomable. Su mayor ambici\u00f3n es allanar el camino para una mejor representaci\u00f3n de las mujeres con discapacidad en el mundo de la moda.<\/p>\n<p class=\"p1\"><strong>\u00abYa no tengo miedo de mostrarme al mundo porque s\u00e9 que lo valgo. S\u00e9 que mi historia cambiar\u00e1 las perspectivas de otras personas y cambiar\u00e1 los corazones de otras personas \u00ab.<\/strong><\/p>\n<blockquote>\n<p class=\"p1\">\n<\/blockquote>\n<p class=\"responsive-video-wrap clr\"><iframe width=\"1200\" height=\"675\" src=\"https:\/\/www.youtube.com\/embed\/yn2yEkCdliE?feature=oembed\" frameborder=\"0\" allow=\"accelerometer; autoplay; encrypted-media; gyroscope; picture-in-picture\" allowfullscreen><\/iframe><\/p>\n","protected":false},"excerpt":{"rendered":"<p>Conozca a Cary Vel\u00e1zquez, de 29 a\u00f1os de edad, maquilladora en Puerto Rico con la enfermedad rara osteog\u00e9nesis imperfecta (OI), (tambi\u00e9n conocida como \u00abenfermedad de huesos fr\u00e1giles\u00bb y \u00abenfermedad de los huesos de vidrio\u00bb) que ha encendido la Internet sus habilidades y personalidad infecciosa. \u00bfQu\u00e9 es la Osteog\u00e9nesis Imperfecta? La OI es un grupo de [&hellip;]<\/p>\n","protected":false},"author":107,"featured_media":144133,"comment_status":"closed","ping_status":"closed","sticky":false,"template":"","format":"standard","meta":[],"categories":[12070,12924],"tags":[12998,12999,12925],"_links":{"self":[{"href":"https:\/\/patientworthy.com\/es\/wp-json\/wp\/v2\/posts\/144722"}],"collection":[{"href":"https:\/\/patientworthy.com\/es\/wp-json\/wp\/v2\/posts"}],"about":[{"href":"https:\/\/patientworthy.com\/es\/wp-json\/wp\/v2\/types\/post"}],"author":[{"embeddable":true,"href":"https:\/\/patientworthy.com\/es\/wp-json\/wp\/v2\/users\/107"}],"replies":[{"embeddable":true,"href":"https:\/\/patientworthy.com\/es\/wp-json\/wp\/v2\/comments?post=144722"}],"version-history":[{"count":0,"href":"https:\/\/patientworthy.com\/es\/wp-json\/wp\/v2\/posts\/144722\/revisions"}],"wp:featuredmedia":[{"embeddable":true,"href":"https:\/\/patientworthy.com\/es\/wp-json\/wp\/v2\/media\/144133"}],"wp:attachment":[{"href":"https:\/\/patientworthy.com\/es\/wp-json\/wp\/v2\/media?parent=144722"}],"wp:term":[{"taxonomy":"category","embeddable":true,"href":"https:\/\/patientworthy.com\/es\/wp-json\/wp\/v2\/categories?post=144722"},{"taxonomy":"post_tag","embeddable":true,"href":"https:\/\/patientworthy.com\/es\/wp-json\/wp\/v2\/tags?post=144722"}],"curies":[{"name":"wp","href":"https:\/\/api.w.org\/{rel}","templated":true}]}}