{"id":167519,"date":"2020-03-07T11:50:58","date_gmt":"2020-03-07T16:50:58","guid":{"rendered":"https:\/\/patientworthy.wpengine.com\/2020\/03\/07\/el-presupuesto-2020-del-departamento-de-educacion-esta-solicitando-recortes-a-las-olimpiadas-especiales-y-educacion-especial-que-significa-esto-para-los-pacientes-raros\/"},"modified":"2020-03-07T11:50:58","modified_gmt":"2020-03-07T16:50:58","slug":"el-presupuesto-2020-del-departamento-de-educacion-esta-solicitando-recortes-a-las-olimpiadas-especiales-y-educacion-especial-que-significa-esto-para-los-pacientes-raros","status":"publish","type":"post","link":"https:\/\/patientworthy.com\/es\/2020\/03\/07\/el-presupuesto-2020-del-departamento-de-educacion-esta-solicitando-recortes-a-las-olimpiadas-especiales-y-educacion-especial-que-significa-esto-para-los-pacientes-raros\/","title":{"rendered":"El Presupuesto 2020 del Departamento de Educaci\u00f3n est\u00e1 solicitando recortes a las Olimpiadas Especiales y Educaci\u00f3n Especial. \u00bfQu\u00e9 Significa Esto para los Pacientes Raros?"},"content":{"rendered":"<p>Si eres un \u00e1vido seguidor de las \u00faltimas noticias, entonces probablemente hayas escuchado sobre uno de los \u00faltimos titulares sensacionales que salieron de DC \u00faltimamente: el Departamento de Educaci\u00f3n de los EE. UU., Encabezado por la multimillonaria Betsy DeVos, present\u00f3 su solicitud de presupuesto para el 2020 en el Congreso antes esta semana e incluy\u00f3 recortes a un programa que molest\u00f3 a muchos senadores (y probablemente a gran parte del p\u00fablico en general). <strong>La propuesta de presupuesto requer\u00eda la <a href=\"https:\/\/www.vox.com\/policy-and-politics\/2019\/3\/28\/18285360\/betsy-devos-special-olympics-shriver-pocan\" target=\"_blank\" rel=\"noopener noreferrer\">eliminaci\u00f3n de fondos para las Olimpiadas Especiales por una suma de $17.6 millones. La solicitud tambi\u00e9n incluye un recorte del 26 por ciento para becas de educaci\u00f3n especial para los estados.<\/a> <\/strong>\u00bfQu\u00e9 significa esto para pacientes raros con discapacidades?<\/p>\n<p>Muchos legisladores y otros han respondido a estos recortes propuestos con indignaci\u00f3n e ira comprensibles. <strong>Sin embargo, es probable que el esp\u00edritu de estos recortes sea m\u00e1s irritante que el impacto que realmente tendr\u00edan, ya que es poco probable que pasen.<\/strong> Estos recortes, si se promulgan, no significar\u00edan por completo el final de las Olimpiadas Especiales o el apoyo a la educaci\u00f3n especial. DeVos defendi\u00f3 la propuesta alegando que el <a href=\"https:\/\/www.usatoday.com\/story\/news\/nation\/2019\/03\/28\/special-olympics-cuts-what-we-know-now-betsy-devos-plan\/3297220002\/\" target=\"_blank\" rel=\"noopener noreferrer\">programa recibe m\u00e1s de $ 100 millones anuales<\/a> en donaciones privadas y que el \u00absector filantr\u00f3pico\u00bb compensar\u00eda la diferencia causada por los recortes.<\/p>\n<p>DeVos defendi\u00f3 la propuesta alegando que el programa recibe m\u00e1s de $100 millones anuales en donaciones privadas y que el \u00absector filantr\u00f3pico\u00bb compensar\u00eda la diferencia causada por los recortes. <strong>Despu\u00e9s de todo, el programa incluye un total de 5 millones de atletas con discapacidades de todo el mundo.<\/strong> Muchos de estos atletas son personas afectadas por enfermedades raras. Durante el interrogatorio sobre los recortes, el representante dem\u00f3crata Mark Pocan, de Wisconsin, afirm\u00f3 que los recortes propuestos afectar\u00edan potencialmente la vida de <a href=\"https:\/\/www.vox.com\/policy-and-politics\/2019\/3\/28\/18285360\/betsy-devos-special-olympics-shriver-pocan\" target=\"_blank\" rel=\"noopener noreferrer\"><strong>272,000 ni\u00f1os en los Estados Unidos con discapacidades<\/strong>.<\/a><\/p>\n<p><strong>Es dif\u00edcil creer que estos recortes presupuestarios no tendr\u00edan un efecto negativo en la vida de los discapacitados en los Estados Unidos<\/strong>. En cualquier caso, la comunidad rara debe ser consciente de que hay muy pocas posibilidades de que estos recortes propuestos obtengan la aprobaci\u00f3n del Congreso. <strong><a href=\"https:\/\/www.politico.com\/story\/2019\/03\/27\/devos-special-olympics-1300549\" target=\"_blank\" rel=\"noopener noreferrer\">De hecho, las dos solicitudes de presupuesto anteriores del Departamento de Educaci\u00f3n tambi\u00e9n han pedido recortes en estas \u00e1reas, y cada vez que han sido rechazadas<\/a>.<\/strong> Es improbable que los fondos para las Olimpiadas Especiales o subvenciones de educaci\u00f3n especial a los estados cambien en el 2020.<\/p>\n<p>De todos modos, quiz\u00e1s lo que deber\u00eda ser m\u00e1s preocupante para la comunidad rara es el esp\u00edritu con el que se proponen estos recortes. El \u00fanico objetivo de estos recortes es simplemente reducir el gasto del gobierno, e incluso si bien esto puede ser \u00fatil, parece bastante despiadado colocar los programas para discapacitados en el bloque. <strong>Estos recortes socavan la misi\u00f3n de las Olimpiadas Especiales para desalentar el acoso de los discapacitados y crear una sociedad donde los m\u00e1s vulnerables sean apoyados y elevados.<\/strong><\/p>\n<p>Este es solo uno de los muchos ejemplos de la atm\u00f3sfera pol\u00edtica actual que demuestra <strong>su disposici\u00f3n a <a href=\"https:\/\/www.vox.com\/policy-and-politics\/2019\/3\/11\/18259789\/trumps-2020-budget-proposal-cuts\" target=\"_blank\" rel=\"noopener noreferrer\">reducir el apoyo a los vulnerables en el pa\u00eds.<\/a><\/strong><\/p>\n<hr>\n<h4 class=\"footer-text\" style=\"text-align: center;\">\u00bfQu\u00e9 piensa sobre los programas de corte que ayudan a los discapacitados? <a href=\"https:\/\/patientworthy.com\/register-2\/\">\u00a1Comparta sus an\u00e9cdotas, ideas y deseos con la comunidad Patient Worthy! Este art\u00edculo ha sido traducido al espa\u00f1ol lo mejor posible dentro de nuestras habilidades. Reconocemos que tal vez no hayamos captado todas las matices y especificidades de su regi\u00f3n, por lo que si tiene alguna sugerencia o desea ayudarnos a refinar nuestras traducciones, env\u00ede un correo electr\u00f3nico a ideas@patientworthy.com.<\/a><\/h4>\n","protected":false},"excerpt":{"rendered":"<p>Si eres un \u00e1vido seguidor de las \u00faltimas noticias, entonces probablemente hayas escuchado sobre uno de los \u00faltimos titulares sensacionales que salieron de DC \u00faltimamente: el Departamento de Educaci\u00f3n de los EE. UU., Encabezado por la multimillonaria Betsy DeVos, present\u00f3 su solicitud de presupuesto para el 2020 en el Congreso antes esta semana e incluy\u00f3 [&hellip;]<\/p>\n","protected":false},"author":131,"featured_media":134854,"comment_status":"closed","ping_status":"closed","sticky":false,"template":"","format":"standard","meta":[],"categories":[12007],"tags":[12083,12109],"_links":{"self":[{"href":"https:\/\/patientworthy.com\/es\/wp-json\/wp\/v2\/posts\/167519"}],"collection":[{"href":"https:\/\/patientworthy.com\/es\/wp-json\/wp\/v2\/posts"}],"about":[{"href":"https:\/\/patientworthy.com\/es\/wp-json\/wp\/v2\/types\/post"}],"author":[{"embeddable":true,"href":"https:\/\/patientworthy.com\/es\/wp-json\/wp\/v2\/users\/131"}],"replies":[{"embeddable":true,"href":"https:\/\/patientworthy.com\/es\/wp-json\/wp\/v2\/comments?post=167519"}],"version-history":[{"count":0,"href":"https:\/\/patientworthy.com\/es\/wp-json\/wp\/v2\/posts\/167519\/revisions"}],"wp:featuredmedia":[{"embeddable":true,"href":"https:\/\/patientworthy.com\/es\/wp-json\/wp\/v2\/media\/134854"}],"wp:attachment":[{"href":"https:\/\/patientworthy.com\/es\/wp-json\/wp\/v2\/media?parent=167519"}],"wp:term":[{"taxonomy":"category","embeddable":true,"href":"https:\/\/patientworthy.com\/es\/wp-json\/wp\/v2\/categories?post=167519"},{"taxonomy":"post_tag","embeddable":true,"href":"https:\/\/patientworthy.com\/es\/wp-json\/wp\/v2\/tags?post=167519"}],"curies":[{"name":"wp","href":"https:\/\/api.w.org\/{rel}","templated":true}]}}