{"id":147106,"date":"2019-07-17T16:23:30","date_gmt":"2019-07-17T20:23:30","guid":{"rendered":"https:\/\/patientworthy.wpengine.com\/?p=147106&#038;preview=true&#038;preview_id=147106"},"modified":"2019-07-29T16:58:50","modified_gmt":"2019-07-29T20:58:50","slug":"une-femme-a-la-fois-patiente-militante-atteinte-de-la-maladie-de-gaucher-ameliore-avec-succes-les-soins-prodigues-a-dautres-patients-atteints-de-maladies-rares-dans-son-pays","status":"publish","type":"post","link":"https:\/\/patientworthy.com\/fr\/2019\/07\/17\/une-femme-a-la-fois-patiente-militante-atteinte-de-la-maladie-de-gaucher-ameliore-avec-succes-les-soins-prodigues-a-dautres-patients-atteints-de-maladies-rares-dans-son-pays\/","title":{"rendered":"Une Femme \u00e0 la fois patiente et militante atteinte de la maladie de Gaucher am\u00e9liore avec succ\u00e8s les soins prodigu\u00e9s \u00e0 d&rsquo;autres patients atteints de maladies rares dans son pays"},"content":{"rendered":"<p>C\u2019est l\u2019histoire d\u2019un journaliste courageux, d\u00e9termin\u00e9 \u00e0 am\u00e9liorer les soins dispens\u00e9s aux patients atteints de maladies rares dans son pays, la Mac\u00e9doine du Nord.<\/p>\n<p>La Mac\u00e9doine du Nord est un pays en voie de d\u00e9veloppement situ\u00e9 au-dessus de la Gr\u00e8ce. Il a 2 millions d&rsquo;habitants. Malheureusement, tr\u00e8s peu de m\u00e9decins dans le pays sont bien inform\u00e9s (sans parler des experts) des maladies rares. Lorsqu\u2019on a une maladie rare, on veut que le m\u00e9decin soit un expert. Pendant tr\u00e8s longtemps, il n&rsquo;y avait aucun registre de patients dans le pays et, par cons\u00e9quent, le minist\u00e8re de la Sant\u00e9 ne savait pas combien de citoyens avaient une maladie rare, ni m\u00eame quelles maladies rares existaient dans le pays. En outre, la caisse nationale d\u2019assurance maladie ne couvrait que quelques traitements choisis pour quelques maladies rares. Le financement des traitements pour la maladie de Gaucher, par exemple, n&rsquo;\u00e9tait pas couvert en raison de leurs d\u00e9penses. C&rsquo;\u00e9tait il y a \u00e0 peine 10 ans.<\/p>\n<h2>Vesna Aleksovska<\/h2>\n<p>Lorsque Vesna Aleksovska est n\u00e9e en Mac\u00e9doine du Nord, il n&rsquo;y avait pas de d\u00e9pistage n\u00e9onatal. La <a href=\"https:\/\/patientworthy.com\/gaucher-disease\/\">maladie de Gaucher<\/a> n&rsquo;a pas \u00e9t\u00e9 diagnostiqu\u00e9e chez elle jusqu&rsquo;\u00e0 l&rsquo;\u00e2ge de 7 ans. Elle n&rsquo;a pu recevoir le traitement dont elle avait besoin (Cerezyme) qu&rsquo;avec l&rsquo;aide d&rsquo;un programme sp\u00e9cial cr\u00e9\u00e9 par le fabricant du m\u00e9dicament. La jeune femme de 34 ans est d\u00e9termin\u00e9e \u00e0 changer la mani\u00e8re dont son pays traite les maladies rares. Elle pense qu&rsquo;aucun patient souffrant d&rsquo;une maladie rare ne devrait avoir \u00e0 lutter pour obtenir le traitement dont il a besoin.<\/p>\n<p>Vesna est fondatrice et pr\u00e9sidente de <em><a href=\"https:\/\/challenges.mk\/en\/\">Life With Challenges<\/a><\/em>, une organisation cr\u00e9\u00e9e en 2009 et d\u00e9di\u00e9e \u00e0 l&rsquo;am\u00e9lioration des soins pour les maladies rares dans le pays. Elle est \u00e9galement pr\u00e9sidente de l\u2019<a href=\"https:\/\/gaucheralliance.org\/\">Alliance internationale Gaucher<\/a>. Le tout premier objectif de Vesna lorsqu&rsquo;elle a commenc\u00e9 son travail de plaidoyer \u00e9tait de mettre un terme \u00e0 la complaisance qu&rsquo;elle avait clairement vue parmi les professionnels de la sant\u00e9 concernant les maladies rares.<\/p>\n<h2>Les Premi\u00e8res \u00e9tapes<\/h2>\n<p>Tout d&rsquo;abord, Vesna savait qu&rsquo;elle devait planifier son approche pour sensibiliser davantage les politiciens aux maladies rares et aux d\u00e9fis auxquels font face les patients. Heureusement, elle avait d\u00e9j\u00e0 les ressources et l&rsquo;exp\u00e9rience dont elle avait besoin. Elle avait 10 ans d&rsquo;exp\u00e9rience professionnelle dans le domaine du journalisme, notamment \u00e0 la radio, \u00e0 la t\u00e9l\u00e9vision, dans la presse \u00e9crite et en ligne. Cette exp\u00e9rience lui a appris que s&rsquo;adresser aux m\u00e9dias pour raconter des histoires fascinantes est un moyen rapide et efficace de sensibiliser le public et de d\u00e9clencher des changements.<\/p>\n<p>Bien que certains patients aient h\u00e9sit\u00e9 \u00e0 raconter leurs histoires, Vesna a pu recruter trois autres conteurs pour sa mission. Ensemble, ils ont tenu leur toute premi\u00e8re conf\u00e9rence de presse en 2012.<\/p>\n<p>Le r\u00e9sultat \u00e9tait meilleur que ce qu&rsquo;ils auraient pu imaginer. La conf\u00e9rence a attir\u00e9 non seulement l&rsquo;attention du gouvernement, mais \u00e9galement celle de patients atteints de maladies rares dans le monde. Il y avait un afflux de messages de personnes \u00e0 travers le monde voulant entrer en contact avec Life with Challenges. C&rsquo;\u00e9tait exactement ce dont la communaut\u00e9 de patients de Mac\u00e9doine du Nord avait besoin.<\/p>\n<p>L&rsquo;\u00e9quipe ne s&rsquo;est pas arr\u00eat\u00e9e l\u00e0, ni avec une seule maladie. Ils ont discut\u00e9 de l&rsquo;<a href=\"https:\/\/patientworthy.com\/primary-pulmonary-hypertension-pph\/\">hypertension pulmonaire<\/a>, du syndrome d&rsquo;Alport, de l\u2019<a href=\"https:\/\/patientworthy.com\/spinal-muscular-atrophy-sma\/\">amyotrophie spinale<\/a> et de la <a href=\"https:\/\/patientworthy.com\/huntingtons-disease\/\">maladie de Huntington<\/a>, entre autres. Vesna n&rsquo;avait pas peur de demander au ministre de la Sant\u00e9, au ministre des Finances et au premier ministre pourquoi ils ne prenaient pas les mesures qui s&rsquo;imposaient. Elle et son \u00e9quipe ont particip\u00e9 \u00e0 des entretiens et ont particip\u00e9 \u00e0 des talk-shows. Des articles de journaux ont \u00e9t\u00e9 publi\u00e9s sur leur mission.<\/p>\n<p>Dragan Dimitrijoski \u00e9tait l&rsquo;un des conteurs courageux aux c\u00f4t\u00e9s de Vesna. Son fils, \u00e2g\u00e9 de 6 ans \u00e0 peine, est atteint de <a href=\"https:\/\/patientworthy.com\/phenylketonuria-pku\/\">ph\u00e9nylc\u00e9tonurie (PCU)<\/a>. Il existe des traitements pour la PCU, mais malheureusement aucun n\u2019\u00e9tait disponible en Mac\u00e9doine et Dimitrijoski a en fait d\u00e9plac\u00e9 toute sa famille en Su\u00e8de afin que son fils puisse avoir acc\u00e8s aux ressources et aux sp\u00e9cialistes de la PCU.<\/p>\n<p>Pour trop de familles, ce sont les d\u00e9cisions difficiles qu\u2019elles ont \u00e9t\u00e9 oblig\u00e9s de prendre.<\/p>\n<h2>Le R\u00e9sultat<\/h2>\n<p>Les efforts de Vesna ont produit un r\u00e9sultat exquis. Des experts en soins de sant\u00e9 du monde entier ont pris note de sa publicit\u00e9. Apr\u00e8s trois ans de travail acharn\u00e9, le ministre mac\u00e9donien de la Sant\u00e9, le Premier ministre et le responsable de la caisse d&rsquo;assurance maladie se sont engag\u00e9s \u00e0 effectuer des modifications.<\/p>\n<p>Le minist\u00e8re de la Sant\u00e9 a cr\u00e9\u00e9 un registre de patients, le fonds d&rsquo;assurance a \u00e9tendu la couverture \u00e0 de nombreuses maladies rares et \u00e0 leurs traitements (y compris Cerezyme) et le budget allou\u00e9 \u00e0 la couverture des maladies rares a \u00e9t\u00e9 augment\u00e9.<\/p>\n<p>Le changement du ministre de la Sant\u00e9 en 2018 n\u2019a pas chang\u00e9 ces modifications, car le nouveau repr\u00e9sentant a poursuivi sur la lanc\u00e9e. En fait, il a collabor\u00e9 avec davantage de professionnels de la sant\u00e9 et d&rsquo;organisations de d\u00e9fense des patients que ses pr\u00e9d\u00e9cesseurs.<\/p>\n<blockquote><p><strong>\u00ab\u00a0Le minist\u00e8re de la Sant\u00e9 est pass\u00e9 de l&rsquo;ignorance de la communaut\u00e9 \u00e0 la cr\u00e9ation de partenariats pour aider les patients atteints de maladies rares et les personnels soignants.\u00a0\u00bb<\/strong><\/p><\/blockquote>\n<p>Le succ\u00e8s de Vesna est la preuve de l&rsquo;impact qu&rsquo;une voix unique peut avoir sur l&rsquo;\u00e9tat des soins sant\u00e9 pour les maladies rares. Bien entendu, Vesna n\u2019aurait pu le faire sans l\u2019aide de ses autres conteurs et des journalistes qui ont couvert ses \u00e9v\u00e9nements. Mais c\u2019est sa vivacit\u00e9, sa d\u00e9termination et son dynamisme qui ont permis \u00e0 ce projet de d\u00e9marrer et de s\u2019achever.<\/p>\n<p>Cela dit, le travail n&rsquo;est jamais vraiment fait. Il y a toujours plus de progr\u00e8s \u00e0 faire &#8211; en Mac\u00e9doine du Nord et dans le monde et Vesna a continu\u00e9 \u00e0 utiliser sa voix pour encourager les patients \u00e0 d\u00e9fendre leurs droits.<\/p>\n<p>Vous pouvez en savoir plus sur l&rsquo;histoire de Vesna et son impact <a href=\"https:\/\/pulmonaryhypertensionnews.com\/2019\/07\/09\/macedonia-gaucher-activist-publicizes-plight-rare-disease-patients\/\">ici<\/a>.<\/p>\n<div class=\"elementor-element elementor-element-ace3425 elementor-widget elementor-widget-theme-post-content\" data-id=\"ace3425\" data-element_type=\"widget\" data-widget_type=\"theme-post-content.default\">\n<div class=\"elementor-widget-container\">\n<div class=\"elementor-element elementor-element-ace3425 elementor-widget elementor-widget-theme-post-content\" data-id=\"ace3425\" data-element_type=\"widget\" data-widget_type=\"theme-post-content.default\">\n<div class=\"elementor-widget-container\">\n<div class=\"elementor-element elementor-element-ace3425 elementor-widget elementor-widget-theme-post-content\" data-id=\"ace3425\" data-element_type=\"widget\" data-widget_type=\"theme-post-content.default\">\n<div class=\"elementor-widget-container\">\n<div class=\"elementor-element elementor-element-ace3425 elementor-widget elementor-widget-theme-post-content\">\n<div class=\"elementor-widget-container\">\n<div class=\"elementor-element elementor-element-ace3425 elementor-widget elementor-widget-theme-post-content\">\n<div class=\"elementor-widget-container\">\n<div class=\"elementor-element elementor-element-ace3425 elementor-widget elementor-widget-theme-post-content\">\n<div class=\"elementor-widget-container\">\n<hr \/>\n<h4 class=\"p1\" style=\"text-align: center;\">C\u2019est notre meilleur essaie pour traduire des infos sur les maladies rares dans votre langue. Nous savons qu\u2019il est possible que cette traduction ne saisisse pas avec pr\u00e9cision toutes les nuances de votre langue maternelle, donc si vous avez des corrections ou des suggestions, veuillez nous les envoyer \u00e0 l\u2019adresse suivante : <a href=\"mailto:contribute@patientworthy.com\"><span class=\"s1\">contribute@patientworthy.com<\/span><\/a>.<\/h4>\n<\/div>\n<\/div>\n<\/div>\n<\/div>\n<\/div>\n<\/div>\n<\/div>\n<\/div>\n<\/div>\n<\/div>\n<\/div>\n<\/div>\n","protected":false},"excerpt":{"rendered":"<p>C\u2019est l\u2019histoire d\u2019un journaliste courageux, d\u00e9termin\u00e9 \u00e0 am\u00e9liorer les soins dispens\u00e9s aux patients atteints de maladies rares dans son pays, la Mac\u00e9doine du Nord. La Mac\u00e9doine du Nord est un pays en voie de d\u00e9veloppement situ\u00e9 au-dessus de la Gr\u00e8ce. Il a 2 millions d&rsquo;habitants. Malheureusement, tr\u00e8s peu de m\u00e9decins dans le pays sont bien [&hellip;]<\/p>\n","protected":false},"author":110,"featured_media":146750,"comment_status":"closed","ping_status":"closed","sticky":false,"template":"","format":"standard","meta":[],"categories":[13986],"tags":[14043,14503,14003,14579,14580],"_links":{"self":[{"href":"https:\/\/patientworthy.com\/fr\/wp-json\/wp\/v2\/posts\/147106"}],"collection":[{"href":"https:\/\/patientworthy.com\/fr\/wp-json\/wp\/v2\/posts"}],"about":[{"href":"https:\/\/patientworthy.com\/fr\/wp-json\/wp\/v2\/types\/post"}],"author":[{"embeddable":true,"href":"https:\/\/patientworthy.com\/fr\/wp-json\/wp\/v2\/users\/110"}],"replies":[{"embeddable":true,"href":"https:\/\/patientworthy.com\/fr\/wp-json\/wp\/v2\/comments?post=147106"}],"version-history":[{"count":0,"href":"https:\/\/patientworthy.com\/fr\/wp-json\/wp\/v2\/posts\/147106\/revisions"}],"wp:featuredmedia":[{"embeddable":true,"href":"https:\/\/patientworthy.com\/fr\/wp-json\/wp\/v2\/media\/146750"}],"wp:attachment":[{"href":"https:\/\/patientworthy.com\/fr\/wp-json\/wp\/v2\/media?parent=147106"}],"wp:term":[{"taxonomy":"category","embeddable":true,"href":"https:\/\/patientworthy.com\/fr\/wp-json\/wp\/v2\/categories?post=147106"},{"taxonomy":"post_tag","embeddable":true,"href":"https:\/\/patientworthy.com\/fr\/wp-json\/wp\/v2\/tags?post=147106"}],"curies":[{"name":"wp","href":"https:\/\/api.w.org\/{rel}","templated":true}]}}