{"id":183202,"date":"2020-05-16T14:24:58","date_gmt":"2020-05-16T18:24:58","guid":{"rendered":"https:\/\/patientworthy.wpengine.com\/?p=183202&#038;preview=true&#038;preview_id=183202"},"modified":"2020-05-19T14:24:24","modified_gmt":"2020-05-19T18:24:24","slug":"les-patients-immunodeprimes-connaissaient-deja-le-risque-des-germes-maintenant-tout-le-monde-lapprend-aussi","status":"publish","type":"post","link":"https:\/\/patientworthy.com\/fr\/2020\/05\/16\/les-patients-immunodeprimes-connaissaient-deja-le-risque-des-germes-maintenant-tout-le-monde-lapprend-aussi\/","title":{"rendered":"Les Patients immunod\u00e9prim\u00e9s connaissaient d\u00e9j\u00e0 le risque des germes. Maintenant, tout le monde l\u2019apprend aussi."},"content":{"rendered":"<p><a href=\"https:\/\/www.washingtonpost.com\/opinions\/2020\/04\/07\/disabled-people-like-me-have-always-been-vulnerable-disease-let-us-show-you-ropes\/\">Selon le <em>Washington Post<\/em><\/a>, la couverture de la COVID-19 a r\u00e9pandu la nouvelle : les personnes handicap\u00e9es ont peur et nous devons prendre soin de ce groupe. Pour beaucoup, la menace de ce virus pr\u00e9sente un risque plus grand que pour le grand public. Ils ne peuvent pas ignorer un taux de mortalit\u00e9 de 1 \u00e0 5% et penser : \u00ab\u00a0\u00e7a va aller je pense\u00a0\u00bb. Ils doivent prendre des pr\u00e9cautions et esp\u00e9rer que le reste de la communaut\u00e9 le fera aussi.<\/p>\n<p>Pour de nombreuses personnes handicap\u00e9es, un risque imminent pour la sant\u00e9 n&rsquo;est pas aussi inhabituel pour les personnes dont le syst\u00e8me immunitaire est affaibli que pour le grand public. Parce que ce n&rsquo;est pas nouveau. Les germes \u00e9taient d\u00e9j\u00e0 l\u00e0, mettant fr\u00e9quemment leur vie en danger. Les b\u00e2timents et les \u00e9v\u00e9nements \u00e9taient d\u00e9j\u00e0 inaccessibles, ce qui rendait les activit\u00e9s comme sortir et participer \u00e0 la vie active \u00e0 l&rsquo;ext\u00e9rieur difficiles et lourdes. Le virus a simplement attir\u00e9 l&rsquo;attention du monde sur la r\u00e9alit\u00e9 de ce que vivent de nombreuses personnes handicap\u00e9es et malades. <strong>Comme l&rsquo;explique Ben Mattlin dans l\u2019article du Washington Post, \u00ab Nous sommes habitu\u00e9s \u00e0 ce monde de phobie des contagions. Bienvenue au club, personnes non handicap\u00e9es \u00bb.<\/strong><\/p>\n<p><span lang=\"FR\">Mattlin explique que ces nouvelles habitudes pour le reste d&rsquo;entre nous \u00e9taient un mode de vie qu\u2019une grande partie de la communaut\u00e9 des personnes handicap\u00e9es conna\u00eet bien. Il \u00e9crit sur l&rsquo;humour ironique qu&rsquo;il a vu sa communaut\u00e9 cr\u00e9er, comme des blagues sur la fa\u00e7on dont ils ont appris que leur style de vie s&rsquo;appelle le confinement ! Et ils connaissent trop bien l&rsquo;exercice de ne pas se toucher le visage. Les m\u00e8res d&rsquo;enfants immunod\u00e9prim\u00e9s disent qu&rsquo;elles ont toujours eu des lingettes d\u00e9sinfectantes et du gel antibact\u00e9rien pour les mains \u00e0 disposition et que le nettoyage des interrupteurs et des poign\u00e9es de porte, c&rsquo;est la norme. Une m\u00e8re qui s\u2019appelle Brooke a d\u00e9clar\u00e9 que :<\/span><\/p>\n<blockquote><p><span lang=\"FR\">\u00ab\u00a0Ce que tout le monde fait maintenant en essuyant les choses, en mettant des masques et des gants ? Malheureusement, c&rsquo;est notre vie quotidienne\u00a0\u00bb.<\/span><\/p><\/blockquote>\n<p>Quelque chose auquel la communaut\u00e9 de patients atteints de maladies chroniques doit faire face est que ce mode de vie ne se termine pas avec le coronavirus. Il n&rsquo;y a pas le r\u00e9confort que cela passera. Mais les patients atteints de maladies rares esp\u00e8rent que la le\u00e7on n&rsquo;est pas oubli\u00e9e, mais plut\u00f4t qu&rsquo;elle m\u00e8nera \u00e0 des changements \u00e0 long terme pour la communaut\u00e9. Brooke explique qu&rsquo;elle esp\u00e8re que le coronavirus rend tout le monde conscient de ces choses dans la vie quotidienne :<\/p>\n<blockquote><p><strong><span lang=\"FR\">\u00ab En ce moment, c&rsquo;est un gros probl\u00e8me pour tout le monde, mais quand cela s&rsquo;arr\u00eate pour tout le monde, c&rsquo;est toujours notre vie. Quand vos enfants sont malades, il faut qu&rsquo;ils restent \u00e0 la maison \u00bb.<\/span><\/strong><\/p><\/blockquote>\n<p><span lang=\"FR\">Elle a expliqu\u00e9 qu&rsquo;elle sait que cela peut \u00eatre difficile \u00e0 g\u00e9rer quand vous devez travailler quand vous n\u2019avez pas de baby-sitter et qu&rsquo;elle connait. Toutefois :<\/span><\/p>\n<blockquote><p>\u00ab\u00a0Gardez les yeux ouverts, se rappeler de la s\u00e9curit\u00e9 de chacun, car ce n&rsquo;est pas seulement votre famille qui est touch\u00e9e\u00a0\u00bb.<\/p><\/blockquote>\n<p><span lang=\"FR\">Mattlin \u00e9crit sur les nouveaux syst\u00e8mes actuellement mis en \u0153uvre pour lutter contre les germes &#8211; la pr\u00e9valence du t\u00e9l\u00e9travail et l&rsquo;acc\u00e8s virtuel \u00e0 l&rsquo;\u00e9ducation et au divertissement comme les mus\u00e9es. Ces choses pourraient changer radicalement les possibilit\u00e9s d&#8217;emploi pour la communaut\u00e9 et les parties ouvertes de la soci\u00e9t\u00e9 qui \u00e9taient ferm\u00e9es. Ces changements ne sont pas de nouvelles id\u00e9es car ce sont des choses que la communaut\u00e9 demande depuis longtemps. Le coronavirus a montr\u00e9 que nous pouvons rendre ces choses accessibles \u00e0 partir de nos maisons, et il y a beaucoup de gens qui continueront \u00e0 vivre comme \u00e7a apr\u00e8s le confinement. Donc, si le coronavirus peut susciter de l&#8217;empathie et laisser le champ libre \u00e0 tout le monde, il faut se rappeler de ceux qui continueront \u00e0 vivre comme \u00e7a. Nous pouvons le laisser libre.<\/span><\/p>\n<p>&nbsp;<\/p>\n<div>\n<hr \/>\n<h4 class=\"p1\" style=\"text-align: center;\">C\u2019est notre meilleur essaie pour traduire des infos sur les maladies rares dans votre langue. Nous savons qu\u2019il est possible que cette traduction ne saisisse pas avec pr\u00e9cision toutes les nuances de votre langue maternelle, donc si vous avez des corrections ou des suggestions, veuillez nous les envoyer \u00e0 l\u2019adresse suivante : <a href=\"mailto:contribute@patientworthy.com\"><span class=\"s1\">contribute@patientworthy.com<\/span><\/a>.<\/h4>\n<\/div>\n","protected":false},"excerpt":{"rendered":"<p>Selon le Washington Post, la couverture de la COVID-19 a r\u00e9pandu la nouvelle : les personnes handicap\u00e9es ont peur et nous devons prendre soin de ce groupe. Pour beaucoup, la menace de ce virus pr\u00e9sente un risque plus grand que pour le grand public. Ils ne peuvent pas ignorer un taux de mortalit\u00e9 de 1 [&hellip;]<\/p>\n","protected":false},"author":805,"featured_media":179129,"comment_status":"closed","ping_status":"closed","sticky":false,"template":"","format":"standard","meta":[],"categories":[13986],"tags":[14003],"_links":{"self":[{"href":"https:\/\/patientworthy.com\/fr\/wp-json\/wp\/v2\/posts\/183202"}],"collection":[{"href":"https:\/\/patientworthy.com\/fr\/wp-json\/wp\/v2\/posts"}],"about":[{"href":"https:\/\/patientworthy.com\/fr\/wp-json\/wp\/v2\/types\/post"}],"author":[{"embeddable":true,"href":"https:\/\/patientworthy.com\/fr\/wp-json\/wp\/v2\/users\/805"}],"replies":[{"embeddable":true,"href":"https:\/\/patientworthy.com\/fr\/wp-json\/wp\/v2\/comments?post=183202"}],"version-history":[{"count":0,"href":"https:\/\/patientworthy.com\/fr\/wp-json\/wp\/v2\/posts\/183202\/revisions"}],"wp:featuredmedia":[{"embeddable":true,"href":"https:\/\/patientworthy.com\/fr\/wp-json\/wp\/v2\/media\/179129"}],"wp:attachment":[{"href":"https:\/\/patientworthy.com\/fr\/wp-json\/wp\/v2\/media?parent=183202"}],"wp:term":[{"taxonomy":"category","embeddable":true,"href":"https:\/\/patientworthy.com\/fr\/wp-json\/wp\/v2\/categories?post=183202"},{"taxonomy":"post_tag","embeddable":true,"href":"https:\/\/patientworthy.com\/fr\/wp-json\/wp\/v2\/tags?post=183202"}],"curies":[{"name":"wp","href":"https:\/\/api.w.org\/{rel}","templated":true}]}}